{"id":1,"date":"2013-03-13T15:03:13","date_gmt":"2013-03-13T15:03:13","guid":{"rendered":"http:\/\/nationelladiabetesteamet.se\/?p=1"},"modified":"2013-03-18T10:22:31","modified_gmt":"2013-03-18T10:22:31","slug":"hello-world","status":"publish","type":"post","link":"http:\/\/www.nationelladiabetesteamet.se\/?p=1","title":{"rendered":"Nationella Diabetes Teamet"},"content":{"rendered":"<p><span style=\"line-height: 1.714285714; font-size: 1rem;\">Nationella Diabetes Teamet \u00e4r en paraplyorganisation som inkluderar<\/span><\/p>\n<p>&#8211; Diabetesf\u00f6rbundet<br \/>\n&#8211; Svensk F\u00f6rening f\u00f6r Diabetologi<br \/>\n&#8211; Barnl\u00e4karf\u00f6reningen<br \/>\n&#8211; Svensk F\u00f6rening f\u00f6r Sjuksk\u00f6terskor i Diabetesv\u00e5rd<br \/>\n&#8211; Dietisternas riksf\u00f6rbund<\/p>\n","protected":false},"excerpt":{"rendered":"<p>Nationella Diabetes Teamet \u00e4r en paraplyorganisation som inkluderar &#8211; Diabetesf\u00f6rbundet &#8211; Svensk F\u00f6rening f\u00f6r Diabetologi &#8211; Barnl\u00e4karf\u00f6reningen &#8211; Svensk F\u00f6rening f\u00f6r Sjuksk\u00f6terskor i Diabetesv\u00e5rd &#8211; Dietisternas riksf\u00f6rbund<\/p>\n","protected":false},"author":1,"featured_media":0,"comment_status":"open","ping_status":"open","sticky":false,"template":"","format":"standard","meta":{"footnotes":""},"categories":[1],"tags":[],"class_list":["post-1","post","type-post","status-publish","format-standard","hentry","category-uncategorized"],"_links":{"self":[{"href":"http:\/\/www.nationelladiabetesteamet.se\/index.php?rest_route=\/wp\/v2\/posts\/1","targetHints":{"allow":["GET"]}}],"collection":[{"href":"http:\/\/www.nationelladiabetesteamet.se\/index.php?rest_route=\/wp\/v2\/posts"}],"about":[{"href":"http:\/\/www.nationelladiabetesteamet.se\/index.php?rest_route=\/wp\/v2\/types\/post"}],"author":[{"embeddable":true,"href":"http:\/\/www.nationelladiabetesteamet.se\/index.php?rest_route=\/wp\/v2\/users\/1"}],"replies":[{"embeddable":true,"href":"http:\/\/www.nationelladiabetesteamet.se\/index.php?rest_route=%2Fwp%2Fv2%2Fcomments&post=1"}],"version-history":[{"count":4,"href":"http:\/\/www.nationelladiabetesteamet.se\/index.php?rest_route=\/wp\/v2\/posts\/1\/revisions"}],"predecessor-version":[{"id":4,"href":"http:\/\/www.nationelladiabetesteamet.se\/index.php?rest_route=\/wp\/v2\/posts\/1\/revisions\/4"}],"wp:attachment":[{"href":"http:\/\/www.nationelladiabetesteamet.se\/index.php?rest_route=%2Fwp%2Fv2%2Fmedia&parent=1"}],"wp:term":[{"taxonomy":"category","embeddable":true,"href":"http:\/\/www.nationelladiabetesteamet.se\/index.php?rest_route=%2Fwp%2Fv2%2Fcategories&post=1"},{"taxonomy":"post_tag","embeddable":true,"href":"http:\/\/www.nationelladiabetesteamet.se\/index.php?rest_route=%2Fwp%2Fv2%2Ftags&post=1"}],"curies":[{"name":"wp","href":"https:\/\/api.w.org\/{rel}","templated":true}]}}